{"id":1428,"date":"2024-12-30T11:28:01","date_gmt":"2024-12-30T09:28:01","guid":{"rendered":"https:\/\/www.locus-solus-fr.net\/?p=1428"},"modified":"2025-04-09T11:41:45","modified_gmt":"2025-04-09T09:41:45","slug":"cosa-mentale","status":"publish","type":"post","link":"https:\/\/www.locus-solus-fr.net\/?p=1428","title":{"rendered":"Cosa mentale"},"content":{"rendered":"<p style=\"text-align: center\"><img loading=\"lazy\" decoding=\"async\" width=\"500\" height=\"375\" src=\"http:\/\/www.locus-solus-fr.net\/img21\/cm-01.jpg\" \/><\/p>\n<p style=\"text-align: justify\">La maison de Mantegna, \u00e0 Mantoue, est un rare exemple de b\u00e2timent priv\u00e9 italien du XVe si\u00e8cle. L\u2019architecte et historien Franco Borsi (1925-2008) en parlait comme d\u2019\u00ab&nbsp;un des \u00e9difices les plus intrigants et les plus absolus de la Renaissance&nbsp;\u00bb&nbsp;; et ce mot d\u2019<em>absolu<\/em>, pour une fois, ne para\u00eet pas trop fort.<\/p>\n<p style=\"text-align: justify\">Sa construction fut longue, on ne sait si Mantegna, d\u00e9j\u00e0 \u00e2g\u00e9, y habita souvent ni longtemps mais il est certain qu\u2019il en dessina les plans. Il n\u2019est pas possible non plus de se faire une id\u00e9e de ce qu\u2019\u00e9taient les pi\u00e8ces de vie, l\u2019int\u00e9rieur ayant \u00e9t\u00e9 converti en centre culturel accueillant des expositions sans rapport particulier ni avec le peintre ni avec son \u00e9poque.<\/p>\n<p style=\"text-align: center\"><img loading=\"lazy\" decoding=\"async\" width=\"500\" height=\"333\" src=\"http:\/\/www.locus-solus-fr.net\/img21\/cm-03.jpg\" \/><\/p>\n<p style=\"text-align: center\"><img loading=\"lazy\" decoding=\"async\" width=\"500\" height=\"500\" src=\"http:\/\/www.locus-solus-fr.net\/img21\/cm-04.jpg\" \/><\/p>\n<p style=\"text-align: center\"><img loading=\"lazy\" decoding=\"async\" width=\"500\" height=\"498\" src=\"http:\/\/www.locus-solus-fr.net\/img21\/cm-02.jpg\" \/><\/p>\n<p style=\"text-align: justify\">Reste l\u2019essentiel qu\u2019on ressent fortement, \u00e0 savoir le dessein ayant pr\u00e9sid\u00e9 \u00e0 la configuration de l\u2019\u00e9difice, et qui procure une grande \u00e9motion intellectuelle, si l\u2019on peut risquer cet oxymore. C\u2019est un \u00ab&nbsp;cube&nbsp;\u00bb aust\u00e8re de taille modeste, presque abstrait, con\u00e7u sur un plan rappelant l\u2019architecture romaine et dont les proportions sont r\u00e9gies par le nombre d\u2019or. Avec, en son centre, une cour int\u00e9rieure circulaire inscrite dans un carr\u00e9, admirable vraiment dans sa simplicit\u00e9, son \u00e9vidence g\u00e9om\u00e9trique. Une <em>cosa mentale<\/em>, une Id\u00e9e de maison. Le cercle de la cour, lorsqu\u2019on l\u00e8ve les yeux, s\u2019inscrit \u00e0 son tour dans un carr\u00e9 encadrant le ciel bleu. On ne peut s\u2019emp\u00eacher de faire le rapprochement avec l\u2019oculus en trompe-l\u2019\u0153il de la <em>Chambre des \u00e9poux<\/em>, qui se trouve \u00e0 cinq cents m\u00e8tres de l\u00e0, dans le palais des Gonzague (ch\u00e2teau Saint-Georges). Mantegna avait-il voulu cet effet de rime&nbsp;?<\/p>\n<p style=\"text-align: center\"><img loading=\"lazy\" decoding=\"async\" width=\"500\" height=\"498\" src=\"http:\/\/www.locus-solus-fr.net\/img21\/cm-05.jpg\" \/><\/p>\n<p style=\"text-align: center\"><img loading=\"lazy\" decoding=\"async\" width=\"500\" height=\"435\" src=\"http:\/\/www.locus-solus-fr.net\/img21\/cm-06.jpg\" \/><\/p>\n","protected":false},"excerpt":{"rendered":"<p>La maison de Mantegna, \u00e0 Mantoue, est un rare exemple de b\u00e2timent priv\u00e9 italien du XVe si\u00e8cle. L\u2019architecte et historien Franco Borsi (1925-2008) en parlait comme d\u2019\u00ab&nbsp;un des \u00e9difices les plus intrigants et les plus absolus de la Renaissance&nbsp;\u00bb&nbsp;; et ce mot d\u2019absolu, pour une fois, ne para\u00eet pas trop fort. Sa construction fut longue, [&hellip;]<\/p>\n","protected":false},"author":1,"featured_media":0,"comment_status":"open","ping_status":"closed","sticky":false,"template":"","format":"standard","meta":{"footnotes":""},"categories":[4,15],"tags":[870],"class_list":["post-1428","post","type-post","status-publish","format-standard","hentry","category-dans-les-mirettes","category-peregrinations","tag-andrea-mantegna"],"_links":{"self":[{"href":"https:\/\/www.locus-solus-fr.net\/index.php?rest_route=\/wp\/v2\/posts\/1428","targetHints":{"allow":["GET"]}}],"collection":[{"href":"https:\/\/www.locus-solus-fr.net\/index.php?rest_route=\/wp\/v2\/posts"}],"about":[{"href":"https:\/\/www.locus-solus-fr.net\/index.php?rest_route=\/wp\/v2\/types\/post"}],"author":[{"embeddable":true,"href":"https:\/\/www.locus-solus-fr.net\/index.php?rest_route=\/wp\/v2\/users\/1"}],"replies":[{"embeddable":true,"href":"https:\/\/www.locus-solus-fr.net\/index.php?rest_route=%2Fwp%2Fv2%2Fcomments&post=1428"}],"version-history":[{"count":4,"href":"https:\/\/www.locus-solus-fr.net\/index.php?rest_route=\/wp\/v2\/posts\/1428\/revisions"}],"predecessor-version":[{"id":1432,"href":"https:\/\/www.locus-solus-fr.net\/index.php?rest_route=\/wp\/v2\/posts\/1428\/revisions\/1432"}],"wp:attachment":[{"href":"https:\/\/www.locus-solus-fr.net\/index.php?rest_route=%2Fwp%2Fv2%2Fmedia&parent=1428"}],"wp:term":[{"taxonomy":"category","embeddable":true,"href":"https:\/\/www.locus-solus-fr.net\/index.php?rest_route=%2Fwp%2Fv2%2Fcategories&post=1428"},{"taxonomy":"post_tag","embeddable":true,"href":"https:\/\/www.locus-solus-fr.net\/index.php?rest_route=%2Fwp%2Fv2%2Ftags&post=1428"}],"curies":[{"name":"wp","href":"https:\/\/api.w.org\/{rel}","templated":true}]}}