{"id":844,"date":"2012-06-06T14:14:03","date_gmt":"2012-06-06T12:14:03","guid":{"rendered":"http:\/\/locus-solus-fr.net\/?p=844"},"modified":"2018-10-06T18:58:33","modified_gmt":"2018-10-06T16:58:33","slug":"la-poesie-ce-matin-9","status":"publish","type":"post","link":"https:\/\/www.locus-solus-fr.net\/?p=844","title":{"rendered":"La po\u00e9sie ce matin (10)"},"content":{"rendered":"<blockquote>\n<p style=\"text-align: justify\">Je viens d\u2019un monde disparu Montr\u00e9al des autobus bruns des photos noir et blanc dans mon passeport de l\u2019Expo 67 d\u2019un p\u00e8re \u00e0 cheveux longs je croise Paul Rose \u00e0 la place Longueuil les bouteilles de vin rouge remises dans un sac de papier derri\u00e8re un comptoir unique je viens du temps des camps de chasse de la bi\u00e8re \u00e0 tizoune de toute une peuplade avec des proth\u00e8ses dentaires des cur\u00e9s frappeurs d\u2019enfants des skidoos jaune banane j\u2019appartiens au peuple le plus pauvre de la plan\u00e8te qui traverse l\u2019histoire dans son <em>boat people<\/em> linguistique mon existence subventionn\u00e9e clignote entre les souvenirs perclus de ma francit\u00e9 mon p\u00e8re \u00e9tait Mao Ts\u00e9 Toung mon grand-p\u00e8re H\u00f4 Chi Linh mes oncles Che Guevara et Trotski non mon p\u00e8re \u00e9tait canadien-fran\u00e7ais passager clandestin en cale s\u00e8che de l\u2019histoire je le revois depuis cette enfance \u00e0 double fond tournant dans l\u2019araign\u00e9e de la Ronde je suis \u00e0 sa place apr\u00e8s lui dans ce voyage sans commencement adulte dans un man\u00e8ge immobile<\/p>\n<p style=\"text-align: right\">Christian Saint-Germain, <a href=\"http:\/\/test.lenoroit.com\/wordpress\/saint-germain-christian\/\" target=\"_blank\"><em>Tomahawk<\/em><\/a>.<br \/>\nLe Noro\u00eet, 2012.<\/p><\/blockquote>\n<p style=\"text-align: center\"><img loading=\"lazy\" decoding=\"async\" height=\"279\" width=\"200\" src=\"http:\/\/test.lenoroit.com\/wordpress\/wp-content\/uploads\/2016\/03\/Tomahawk-SAINT_GERMAIN-734x1024.jpg\" \/><\/p>\n","protected":false},"excerpt":{"rendered":"<p>Je viens d\u2019un monde disparu Montr\u00e9al des autobus bruns des photos noir et blanc dans mon passeport de l\u2019Expo 67 d\u2019un p\u00e8re \u00e0 cheveux longs je croise Paul Rose \u00e0 la place Longueuil les bouteilles de vin rouge remises dans un sac de papier derri\u00e8re un comptoir unique je viens du temps des camps de [&hellip;]<\/p>\n","protected":false},"author":1,"featured_media":0,"comment_status":"open","ping_status":"closed","sticky":false,"template":"","format":"standard","meta":{"footnotes":""},"categories":[599],"tags":[602,595],"class_list":["post-844","post","type-post","status-publish","format-standard","hentry","category-poesie","tag-christian-saint-germain","tag-la-poesie-ce-matin"],"_links":{"self":[{"href":"https:\/\/www.locus-solus-fr.net\/index.php?rest_route=\/wp\/v2\/posts\/844","targetHints":{"allow":["GET"]}}],"collection":[{"href":"https:\/\/www.locus-solus-fr.net\/index.php?rest_route=\/wp\/v2\/posts"}],"about":[{"href":"https:\/\/www.locus-solus-fr.net\/index.php?rest_route=\/wp\/v2\/types\/post"}],"author":[{"embeddable":true,"href":"https:\/\/www.locus-solus-fr.net\/index.php?rest_route=\/wp\/v2\/users\/1"}],"replies":[{"embeddable":true,"href":"https:\/\/www.locus-solus-fr.net\/index.php?rest_route=%2Fwp%2Fv2%2Fcomments&post=844"}],"version-history":[{"count":0,"href":"https:\/\/www.locus-solus-fr.net\/index.php?rest_route=\/wp\/v2\/posts\/844\/revisions"}],"wp:attachment":[{"href":"https:\/\/www.locus-solus-fr.net\/index.php?rest_route=%2Fwp%2Fv2%2Fmedia&parent=844"}],"wp:term":[{"taxonomy":"category","embeddable":true,"href":"https:\/\/www.locus-solus-fr.net\/index.php?rest_route=%2Fwp%2Fv2%2Fcategories&post=844"},{"taxonomy":"post_tag","embeddable":true,"href":"https:\/\/www.locus-solus-fr.net\/index.php?rest_route=%2Fwp%2Fv2%2Ftags&post=844"}],"curies":[{"name":"wp","href":"https:\/\/api.w.org\/{rel}","templated":true}]}}