{"id":849,"date":"2014-06-12T12:51:55","date_gmt":"2014-06-12T10:51:55","guid":{"rendered":"http:\/\/locus-solus-fr.net\/?p=849"},"modified":"2018-10-06T18:59:40","modified_gmt":"2018-10-06T16:59:40","slug":"la-poesie-ce-matin-14","status":"publish","type":"post","link":"https:\/\/www.locus-solus-fr.net\/?p=849","title":{"rendered":"La po\u00e9sie ce matin (15)"},"content":{"rendered":"<blockquote>\n<p style=\"text-align: justify\">il restera une clairi\u00e8re vide<br \/>\nun corps \u00e9tendu dans le coin<br \/>\ngauche\u00a0      \u00a0\u00a0\u00e0 l&rsquo;or\u00e9e du bois<br \/>\nsans vie\u00a0\u00a0     \u00a0qui rayonne<br \/>\nune fine lumi\u00e8re\u00a0\u00a0   \u00a0ros\u00e9e<br \/>\nsur le corps de la morte   \u00a0\u00a0\u00a0prendra<br \/>\ntout<\/p>\n<p style=\"text-align: justify\">ce sera la morte\u00a0   \u00a0\u00a0r\u00eav\u00e9e<br \/>\nla morte\u00a0    \u00a0\u00a0en moi<br \/>\nla descendante<\/p>\n<p style=\"text-align: right\">Diane R\u00e9gimbald, <a href=\"http:\/\/test.lenoroit.com\/wordpress\/regimbald-diane\/\" target=\"_blank\"><em>L&rsquo;insens\u00e9e rayonne<\/em><\/a>.<br \/>\nLe Noro\u00eet\/L&rsquo;Arbre \u00e0 paroles, 2014.<\/p><\/blockquote>\n<p style=\"text-align: center\"><img loading=\"lazy\" decoding=\"async\" border=\"1\" height=\"320\" width=\"200\" src=\"http:\/\/test.lenoroit.com\/wordpress\/wp-content\/uploads\/2016\/05\/L-insensee-rayonne-ReGIMBLAD-640x1024.jpg\" \/><\/p>\n<p style=\"text-align: center\">&nbsp;<\/p>\n","protected":false},"excerpt":{"rendered":"<p>il restera une clairi\u00e8re vide un corps \u00e9tendu dans le coin gauche\u00a0 \u00a0\u00a0\u00e0 l&rsquo;or\u00e9e du bois sans vie\u00a0\u00a0 \u00a0qui rayonne une fine lumi\u00e8re\u00a0\u00a0 \u00a0ros\u00e9e sur le corps de la morte \u00a0\u00a0\u00a0prendra tout ce sera la morte\u00a0 \u00a0\u00a0r\u00eav\u00e9e la morte\u00a0 \u00a0\u00a0en moi la descendante Diane R\u00e9gimbald, L&rsquo;insens\u00e9e rayonne. Le Noro\u00eet\/L&rsquo;Arbre \u00e0 paroles, 2014. &nbsp;<\/p>\n","protected":false},"author":1,"featured_media":0,"comment_status":"open","ping_status":"closed","sticky":false,"template":"","format":"standard","meta":{"footnotes":""},"categories":[599],"tags":[607,595],"class_list":["post-849","post","type-post","status-publish","format-standard","hentry","category-poesie","tag-diane-regimbald","tag-la-poesie-ce-matin"],"_links":{"self":[{"href":"https:\/\/www.locus-solus-fr.net\/index.php?rest_route=\/wp\/v2\/posts\/849","targetHints":{"allow":["GET"]}}],"collection":[{"href":"https:\/\/www.locus-solus-fr.net\/index.php?rest_route=\/wp\/v2\/posts"}],"about":[{"href":"https:\/\/www.locus-solus-fr.net\/index.php?rest_route=\/wp\/v2\/types\/post"}],"author":[{"embeddable":true,"href":"https:\/\/www.locus-solus-fr.net\/index.php?rest_route=\/wp\/v2\/users\/1"}],"replies":[{"embeddable":true,"href":"https:\/\/www.locus-solus-fr.net\/index.php?rest_route=%2Fwp%2Fv2%2Fcomments&post=849"}],"version-history":[{"count":0,"href":"https:\/\/www.locus-solus-fr.net\/index.php?rest_route=\/wp\/v2\/posts\/849\/revisions"}],"wp:attachment":[{"href":"https:\/\/www.locus-solus-fr.net\/index.php?rest_route=%2Fwp%2Fv2%2Fmedia&parent=849"}],"wp:term":[{"taxonomy":"category","embeddable":true,"href":"https:\/\/www.locus-solus-fr.net\/index.php?rest_route=%2Fwp%2Fv2%2Fcategories&post=849"},{"taxonomy":"post_tag","embeddable":true,"href":"https:\/\/www.locus-solus-fr.net\/index.php?rest_route=%2Fwp%2Fv2%2Ftags&post=849"}],"curies":[{"name":"wp","href":"https:\/\/api.w.org\/{rel}","templated":true}]}}